{"id":1429,"date":"2023-01-17T11:15:08","date_gmt":"2023-01-17T09:15:08","guid":{"rendered":"https:\/\/www.rt-kiekko.fi\/?p=1429"},"modified":"2026-02-02T20:20:32","modified_gmt":"2026-02-02T18:20:32","slug":"15-1-2023-harmaaparrat-avasivat-kevatkauden-voitokkaasti","status":"publish","type":"post","link":"https:\/\/www.rt-kiekko.fi\/index.php\/2023\/01\/17\/15-1-2023-harmaaparrat-avasivat-kevatkauden-voitokkaasti\/","title":{"rendered":"15.1.2023 Harmaaparrat\u00a0avasivat kev\u00e4tkauden voitokkaasti"},"content":{"rendered":"\n<h3 class=\"wp-block-heading\">GrIFK GG &#8211; RT-Kiekko S50 1-3<\/h3>\n\n\n\n<p>RT-Kiekon S50-ik\u00e4miesjoukkueen kev\u00e4tkausi l\u00e4hti k\u00e4yntiin tutulla Ilmatar Areenalla Espoon Matinkyl\u00e4ss\u00e4, mutta uuden j\u00e4\u00e4pyh\u00e4t\u00f6n\u00a0kapeammassa kaukalossa. Vastassa oli GrIFK GG Kauniaisista ja tuoreessa muistissa oli kirvelev\u00e4 tappio itsen\u00e4isyysp\u00e4iv\u00e4n aattona pelatusta edellisest\u00e4 ottelusta.\u00a0<\/p>\n\n\n\n<p>Ensimm\u00e4inen er\u00e4 oli tasaista v\u00e4\u00e4nt\u00f6\u00e4 ja hyvist\u00e4 maalitilanteista\u00a0huolimatta er\u00e4tauolle siirryttiin tilanteessa 0-0. RT-Kiekon harmaapartojen vuoden 2023 ensimm\u00e4inen ottelumaali\u00a0n\u00e4htiin toisessa er\u00e4ss\u00e4 ajassa 21:09. Ylivoimatilanteessa\u00a0kapteenin virkaa hoitanut Kim Ruokonen p\u00e4\u00e4si t\u00e4ll\u00e4\u00e4m\u00e4\u00e4n\u00a0siniviivalta ranteella l\u00e4pi pelaajamassan\u00a0tilanteeksi 0-1. Maalin esity\u00f6n tekiv\u00e4t Mika H\u00e4rk\u00f6nen ja Kari Kuittinen. Ari N\u00e4\u00e4t\u00e4nen laittoi koko kroppansa peliin luoden peitt\u00e4v\u00e4n maskin maalin edustalla.\u00a0<\/p>\n\n\n\n<p>Toisen er\u00e4n viimeisell\u00e4 minuutilla\u00a0RT-Kiekko nousi kahden maalin johtoon. Maalia edelsi logon eteen kaikkensa antaneen Ruokosen nousu ja laukaus ohi maalin. Petri K\u00e4hk\u00f6nen laukoi p\u00e4\u00e4dyst\u00e4 ponnahtaneen\u00a0kiekon pienest\u00e4 kulmasta ja Pasi Timo sai sutia Marko Koskisen torjuman reboundin sis\u00e4\u00e4n.\u00a0<\/p>\n\n\n\n<p>Kolmannessa er\u00e4ss\u00e4 n\u00e4htiin viel\u00e4 kaksi maalia. GrIFK kavensi tilanteen 1-2:een ajassa 32:18 Petri Myllym\u00e4en maalilla. Ajassa 34:54 Ruokosen minuutit olivat t\u00e4ynn\u00e4 ja suihkukomennus tuli kolmannen j\u00e4\u00e4hyn my\u00f6t\u00e4. RT-Kiekko osoitti kapteenille kiitollisuutensa kasvaneesta vapaasta pelitilasta ja niittasi loppunumerot 1-3 alivoimalla, kun j\u00e4\u00e4hy\u00e4 oli j\u00e4ljell\u00e4 en\u00e4\u00e4 3 sekuntia. Tuomo Joutsenojan j\u00e4\u00e4t\u00e4v\u00e4 rannelaukaus Mika Savolaisen sy\u00f6t\u00f6st\u00e4 oli viimeinen niitti senioreiden kev\u00e4tkauden avaukselle.<\/p>\n","protected":false},"excerpt":{"rendered":"<p>GrIFK GG &#8211; RT-Kiekko S50 1-3 RT-Kiekon S50-ik\u00e4miesjoukkueen kev\u00e4tkausi l\u00e4hti k\u00e4yntiin tutulla Ilmatar Areenalla Espoon Matinkyl\u00e4ss\u00e4, mutta uuden j\u00e4\u00e4pyh\u00e4t\u00f6n\u00a0kapeammassa kaukalossa. Vastassa oli GrIFK GG Kauniaisista ja tuoreessa muistissa oli kirvelev\u00e4 tappio itsen\u00e4isyysp\u00e4iv\u00e4n aattona pelatusta edellisest\u00e4 ottelusta.\u00a0 Ensimm\u00e4inen er\u00e4 oli tasaista v\u00e4\u00e4nt\u00f6\u00e4 ja hyvist\u00e4 maalitilanteista\u00a0huolimatta er\u00e4tauolle siirryttiin tilanteessa 0-0. RT-Kiekon harmaapartojen vuoden 2023 ensimm\u00e4inen ottelumaali\u00a0n\u00e4htiin toisessa [&hellip;]<\/p>\n","protected":false},"author":1,"featured_media":0,"comment_status":"closed","ping_status":"closed","sticky":false,"template":"","format":"standard","meta":{"_monsterinsights_skip_tracking":false,"_monsterinsights_sitenote_active":false,"_monsterinsights_sitenote_note":"","_monsterinsights_sitenote_category":0,"footnotes":""},"categories":[1],"tags":[],"class_list":["post-1429","post","type-post","status-publish","format-standard","hentry","category-uncategorized"],"_links":{"self":[{"href":"https:\/\/www.rt-kiekko.fi\/index.php\/wp-json\/wp\/v2\/posts\/1429","targetHints":{"allow":["GET"]}}],"collection":[{"href":"https:\/\/www.rt-kiekko.fi\/index.php\/wp-json\/wp\/v2\/posts"}],"about":[{"href":"https:\/\/www.rt-kiekko.fi\/index.php\/wp-json\/wp\/v2\/types\/post"}],"author":[{"embeddable":true,"href":"https:\/\/www.rt-kiekko.fi\/index.php\/wp-json\/wp\/v2\/users\/1"}],"replies":[{"embeddable":true,"href":"https:\/\/www.rt-kiekko.fi\/index.php\/wp-json\/wp\/v2\/comments?post=1429"}],"version-history":[{"count":1,"href":"https:\/\/www.rt-kiekko.fi\/index.php\/wp-json\/wp\/v2\/posts\/1429\/revisions"}],"predecessor-version":[{"id":1430,"href":"https:\/\/www.rt-kiekko.fi\/index.php\/wp-json\/wp\/v2\/posts\/1429\/revisions\/1430"}],"wp:attachment":[{"href":"https:\/\/www.rt-kiekko.fi\/index.php\/wp-json\/wp\/v2\/media?parent=1429"}],"wp:term":[{"taxonomy":"category","embeddable":true,"href":"https:\/\/www.rt-kiekko.fi\/index.php\/wp-json\/wp\/v2\/categories?post=1429"},{"taxonomy":"post_tag","embeddable":true,"href":"https:\/\/www.rt-kiekko.fi\/index.php\/wp-json\/wp\/v2\/tags?post=1429"}],"curies":[{"name":"wp","href":"https:\/\/api.w.org\/{rel}","templated":true}]}}